{"id":1039,"date":"2025-11-28T14:54:30","date_gmt":"2025-11-28T14:54:30","guid":{"rendered":"https:\/\/ms2lauf.de\/?p=1039"},"modified":"2026-01-07T18:21:15","modified_gmt":"2026-01-07T18:21:15","slug":"besuch-der-kultusministerin-an-der-bertleinschule","status":"publish","type":"post","link":"https:\/\/ms2lauf.de\/?p=1039","title":{"rendered":"Besuch der Kultusministerin an der Bertleinschule"},"content":{"rendered":"\n<p><a href=\"https:\/\/www.frankenfernsehen.tv\/mediathek\/video\/mittelschulen-im-wandel-wie-bayerns-schulen-ihren-ruf-staerken-wollen\/\">Mittelschulen im Wandel: Wie Bayerns Schulen ihren Ruf st\u00e4rken wollen | Franken Fernsehen<\/a><\/p>\n\n\n<div class=\"wp-block-image\">\n<figure class=\"aligncenter size-large\"><img loading=\"lazy\" decoding=\"async\" width=\"1024\" height=\"683\" src=\"https:\/\/ms2lauf.de\/wp-content\/uploads\/2025\/11\/Bild-1024x683.jpeg\" alt=\"\" class=\"wp-image-1040\" srcset=\"https:\/\/ms2lauf.de\/wp-content\/uploads\/2025\/11\/Bild-1024x683.jpeg 1024w, https:\/\/ms2lauf.de\/wp-content\/uploads\/2025\/11\/Bild-300x200.jpeg 300w, https:\/\/ms2lauf.de\/wp-content\/uploads\/2025\/11\/Bild-768x512.jpeg 768w, https:\/\/ms2lauf.de\/wp-content\/uploads\/2025\/11\/Bild-1536x1024.jpeg 1536w, https:\/\/ms2lauf.de\/wp-content\/uploads\/2025\/11\/Bild-2048x1365.jpeg 2048w\" sizes=\"(max-width: 1024px) 100vw, 1024px\" \/><figcaption class=\"wp-element-caption\">Kultusministerin Anna Stolz besucht die Bertleinschule Mittelschule II in Lauf an der Pegnitz.<\/figcaption><\/figure><\/div>\n\n\n<p>Hoher Besuch in unseren alten \/ neuen Gem\u00e4uern. Die bayrische Kultusministerin Anna Stolz war zu Besuch an der Mittelschule. <\/p>\n\n\n<div class=\"wp-block-image\">\n<figure class=\"aligncenter size-full\"><img loading=\"lazy\" decoding=\"async\" width=\"800\" height=\"448\" src=\"https:\/\/ms2lauf.de\/wp-content\/uploads\/2025\/12\/Bild-15.jpg\" alt=\"\" class=\"wp-image-1055\" srcset=\"https:\/\/ms2lauf.de\/wp-content\/uploads\/2025\/12\/Bild-15.jpg 800w, https:\/\/ms2lauf.de\/wp-content\/uploads\/2025\/12\/Bild-15-300x168.jpg 300w, https:\/\/ms2lauf.de\/wp-content\/uploads\/2025\/12\/Bild-15-768x430.jpg 768w\" sizes=\"(max-width: 800px) 100vw, 800px\" \/><\/figure><\/div>\n\n\n<p>Hier der Bericht aus von der Homepage des Frankenfernsehens:<\/p>\n\n\n\n<p>Hauptschulen hatten lange einen eher schlechten Ruf \u2013 mit der Umbenennung zur Mittelschule vor einigen Jahren sollte sich&nbsp;das \u00e4ndern.&nbsp;Wie sich die Schulen heute pr\u00e4sentieren&nbsp;und welche Ideen ihre Sch\u00fcler und Lehrkr\u00e4fte&nbsp;mitbringen, um&nbsp;die Mittelschulen zu st\u00e4rken&nbsp;wird&nbsp;aktuell&nbsp;an vier verschiedenen Schulen&nbsp;bis&nbsp;Mitte&nbsp;Dezember&nbsp;in Bayern&nbsp;diskutiert.&nbsp;<\/p>\n\n\n<div class=\"wp-block-image\">\n<figure class=\"aligncenter size-full\"><img loading=\"lazy\" decoding=\"async\" width=\"800\" height=\"533\" src=\"https:\/\/ms2lauf.de\/wp-content\/uploads\/2025\/12\/Bild-11.jpg\" alt=\"\" class=\"wp-image-1056\" srcset=\"https:\/\/ms2lauf.de\/wp-content\/uploads\/2025\/12\/Bild-11.jpg 800w, https:\/\/ms2lauf.de\/wp-content\/uploads\/2025\/12\/Bild-11-300x200.jpg 300w, https:\/\/ms2lauf.de\/wp-content\/uploads\/2025\/12\/Bild-11-768x512.jpg 768w\" sizes=\"(max-width: 800px) 100vw, 800px\" \/><\/figure><\/div>\n\n\n<p>Hoher Besuch&nbsp;und Empfangskomitee&nbsp;an&nbsp;der Bertlein-Mittelschule 2 in Lauf an der Pegnitz. Kultusministerin Anna Stolz ist vor Ort und will sich im Rahmen ihrer Initiative&nbsp;\u201cMittelschule-stark f\u00fcr jeden Weg\u201d die Projekte ansehen.&nbsp;Stolz&nbsp;lobt die Schule f\u00fcr ihren Fokus auf individuelle Lernzeiten und die gezielte F\u00f6rderung der Sch\u00fcler.&nbsp;Auch die sind stolz auf ihre Schule.&nbsp;&nbsp;<\/p>\n\n\n<div class=\"wp-block-image\">\n<figure class=\"aligncenter size-full\"><img loading=\"lazy\" decoding=\"async\" width=\"800\" height=\"533\" src=\"https:\/\/ms2lauf.de\/wp-content\/uploads\/2025\/12\/Bild-13.jpg\" alt=\"\" class=\"wp-image-1058\" srcset=\"https:\/\/ms2lauf.de\/wp-content\/uploads\/2025\/12\/Bild-13.jpg 800w, https:\/\/ms2lauf.de\/wp-content\/uploads\/2025\/12\/Bild-13-300x200.jpg 300w, https:\/\/ms2lauf.de\/wp-content\/uploads\/2025\/12\/Bild-13-768x512.jpg 768w\" sizes=\"(max-width: 800px) 100vw, 800px\" \/><\/figure><\/div>\n\n\n<p>Die Initiative hat ein klares Ziel: Die Mittelschulen in Bayern sollen weiter gest\u00e4rkt werden mit Hilfe von innovativen Lehrformen und Pers\u00f6nlichkeitsbildung. Rektorin Andrea Rusch hat dazu eine klare Vorstellung.&nbsp;Rusch bef\u00fcrwortet die Initiative. Trotzdem w\u00fcnscht sie sich&nbsp;mehr&nbsp;Freiheiten und M\u00f6glichkeiten in verschiedenen Bereichen. Zum Beispiel das Schulpraktikum zu erweitern.&nbsp;Genau solche Dinge sollen durch die Mittelschulwerkstatt besprochen werden.&nbsp;<\/p>\n\n\n<div class=\"wp-block-image\">\n<figure class=\"aligncenter size-large\"><img loading=\"lazy\" decoding=\"async\" width=\"1024\" height=\"683\" src=\"https:\/\/ms2lauf.de\/wp-content\/uploads\/2025\/12\/Bild-3-1024x683.jpg\" alt=\"\" class=\"wp-image-1059\" srcset=\"https:\/\/ms2lauf.de\/wp-content\/uploads\/2025\/12\/Bild-3-1024x683.jpg 1024w, https:\/\/ms2lauf.de\/wp-content\/uploads\/2025\/12\/Bild-3-300x200.jpg 300w, https:\/\/ms2lauf.de\/wp-content\/uploads\/2025\/12\/Bild-3-768x512.jpg 768w, https:\/\/ms2lauf.de\/wp-content\/uploads\/2025\/12\/Bild-3-1536x1024.jpg 1536w, https:\/\/ms2lauf.de\/wp-content\/uploads\/2025\/12\/Bild-3-2048x1365.jpg 2048w\" sizes=\"(max-width: 1024px) 100vw, 1024px\" \/><\/figure><\/div>\n\n\n<p>Erste Ergebnisse des Projekts&nbsp;sollen nach dem Ende der&nbsp;Initiative auf&nbsp;der Internetseite des Kultusministeriums nachgelesen werden k\u00f6nnen.&nbsp;<\/p>\n\n\n\n<p><strong>Mittelschulwerkstatt<\/strong>, <strong>Bayerisches Staatsministerium f\u00fcr Unterricht und Kultus<\/strong>, <strong>Fotograf: Daniel Karmann<\/strong><\/p>\n","protected":false},"excerpt":{"rendered":"<p>Mittelschulen im Wandel: Wie Bayerns Schulen ihren Ruf st\u00e4rken wollen | Franken Fernsehen Hoher Besuch in unseren alten \/ neuen &hellip; <\/p>\n","protected":false},"author":8,"featured_media":0,"comment_status":"closed","ping_status":"open","sticky":false,"template":"","format":"standard","meta":{"footnotes":""},"categories":[1],"tags":[],"_links":{"self":[{"href":"https:\/\/ms2lauf.de\/index.php?rest_route=\/wp\/v2\/posts\/1039"}],"collection":[{"href":"https:\/\/ms2lauf.de\/index.php?rest_route=\/wp\/v2\/posts"}],"about":[{"href":"https:\/\/ms2lauf.de\/index.php?rest_route=\/wp\/v2\/types\/post"}],"author":[{"embeddable":true,"href":"https:\/\/ms2lauf.de\/index.php?rest_route=\/wp\/v2\/users\/8"}],"replies":[{"embeddable":true,"href":"https:\/\/ms2lauf.de\/index.php?rest_route=%2Fwp%2Fv2%2Fcomments&post=1039"}],"version-history":[{"count":5,"href":"https:\/\/ms2lauf.de\/index.php?rest_route=\/wp\/v2\/posts\/1039\/revisions"}],"predecessor-version":[{"id":1077,"href":"https:\/\/ms2lauf.de\/index.php?rest_route=\/wp\/v2\/posts\/1039\/revisions\/1077"}],"wp:attachment":[{"href":"https:\/\/ms2lauf.de\/index.php?rest_route=%2Fwp%2Fv2%2Fmedia&parent=1039"}],"wp:term":[{"taxonomy":"category","embeddable":true,"href":"https:\/\/ms2lauf.de\/index.php?rest_route=%2Fwp%2Fv2%2Fcategories&post=1039"},{"taxonomy":"post_tag","embeddable":true,"href":"https:\/\/ms2lauf.de\/index.php?rest_route=%2Fwp%2Fv2%2Ftags&post=1039"}],"curies":[{"name":"wp","href":"https:\/\/api.w.org\/{rel}","templated":true}]}}