{"id":1110,"date":"2026-02-27T19:42:18","date_gmt":"2026-02-27T19:42:18","guid":{"rendered":"https:\/\/ms2lauf.de\/?p=1110"},"modified":"2026-02-27T19:42:18","modified_gmt":"2026-02-27T19:42:18","slug":"9-klassen-der-mittelschule-beim-future-talk-mit-gregor-gysi","status":"publish","type":"post","link":"https:\/\/ms2lauf.de\/?p=1110","title":{"rendered":"9. Klassen der Mittelschule beim \u201eFuture Talk\u201c mit Gregor Gysi"},"content":{"rendered":"\n<p>Am Dienstag, den 20.01.2026 machten sich die beiden 9. Klassen der Bertlein-Mittelschule zusammen mit ihren Klassenleitungen gegen Nachmittag auf den Weg in den B\u00fcrgersaal nach Behringersdorf. Die Jugendlichen wurden eingeladen, an der vom Kreisjugendring N\u00fcrnberger Land organisierten Veranstaltung \u201eFuture Talk\u201c teilzunehmen. Dabei sollten sie mit dem bekannten Linken-Politiker und Rechtsanwalt Gregor Gysi ins Gespr\u00e4ch \u00fcber Politik kommen.<\/p>\n\n\n\n<p>Bereits im Vorfeld wurde dazu in den Klassen im Fach GPG mit Mitarbeitern des Kreisjugendrings ein Workshop durchgef\u00fchrt, der die Sch\u00fcler f\u00fcr die wichtigen Themen Politik, Rechtsstaatlichkeit, Demokratie und Wahlen sensibilisieren und ihnen die M\u00f6glichkeit bieten sollte, sich bereits vorab ihre Fragen, Sorgen und W\u00fcnsche zu notieren.<\/p>\n\n\n<div class=\"wp-block-image\">\n<figure class=\"aligncenter size-large\"><img loading=\"lazy\" decoding=\"async\" width=\"1024\" height=\"577\" src=\"https:\/\/ms2lauf.de\/wp-content\/uploads\/2026\/02\/image-1024x577.png\" alt=\"\" class=\"wp-image-1111\" srcset=\"https:\/\/ms2lauf.de\/wp-content\/uploads\/2026\/02\/image-1024x577.png 1024w, https:\/\/ms2lauf.de\/wp-content\/uploads\/2026\/02\/image-300x169.png 300w, https:\/\/ms2lauf.de\/wp-content\/uploads\/2026\/02\/image-768x432.png 768w, https:\/\/ms2lauf.de\/wp-content\/uploads\/2026\/02\/image-1536x865.png 1536w, https:\/\/ms2lauf.de\/wp-content\/uploads\/2026\/02\/image-2048x1153.png 2048w\" sizes=\"(max-width: 1024px) 100vw, 1024px\" \/><\/figure><\/div>\n\n\n<p>Gregor Gysi er\u00f6ffnete die Talkrunde mit einer kurzen Rede \u00fcber Demokratie, Rechtsstaatlichkeit und Freiheit. Im Anschluss daran hatten dann die Jugendlichen die M\u00f6glichkeit, ihre Fragen W\u00fcnsche und Sorgen vorzubringen oder auch einfach nur ihre Meinung zu \u00e4u\u00dfern. Es ging um Mitgestaltung an der Politik, Wahlalter, Falschinformation in sozialen Medien, \u00c4ngste, mehr kulturelle M\u00f6glichkeiten f\u00fcr Jugendliche und Migration, aber auch um ganz pers\u00f6nliche Fragen an Gregor Gysi.<\/p>\n\n\n\n<p>Nach ca. 1,5 Stunden war die Veranstaltung beendet und Gregor Gysi nahm sich noch die Zeit, mit den Jugendlichen Fotos und Selfies zu machen.<\/p>\n","protected":false},"excerpt":{"rendered":"<p>Am Dienstag, den 20.01.2026 machten sich die beiden 9. Klassen der Bertlein-Mittelschule zusammen mit ihren Klassenleitungen gegen Nachmittag auf den &hellip; <\/p>\n","protected":false},"author":8,"featured_media":0,"comment_status":"closed","ping_status":"open","sticky":false,"template":"","format":"standard","meta":{"footnotes":""},"categories":[4],"tags":[],"_links":{"self":[{"href":"https:\/\/ms2lauf.de\/index.php?rest_route=\/wp\/v2\/posts\/1110"}],"collection":[{"href":"https:\/\/ms2lauf.de\/index.php?rest_route=\/wp\/v2\/posts"}],"about":[{"href":"https:\/\/ms2lauf.de\/index.php?rest_route=\/wp\/v2\/types\/post"}],"author":[{"embeddable":true,"href":"https:\/\/ms2lauf.de\/index.php?rest_route=\/wp\/v2\/users\/8"}],"replies":[{"embeddable":true,"href":"https:\/\/ms2lauf.de\/index.php?rest_route=%2Fwp%2Fv2%2Fcomments&post=1110"}],"version-history":[{"count":1,"href":"https:\/\/ms2lauf.de\/index.php?rest_route=\/wp\/v2\/posts\/1110\/revisions"}],"predecessor-version":[{"id":1112,"href":"https:\/\/ms2lauf.de\/index.php?rest_route=\/wp\/v2\/posts\/1110\/revisions\/1112"}],"wp:attachment":[{"href":"https:\/\/ms2lauf.de\/index.php?rest_route=%2Fwp%2Fv2%2Fmedia&parent=1110"}],"wp:term":[{"taxonomy":"category","embeddable":true,"href":"https:\/\/ms2lauf.de\/index.php?rest_route=%2Fwp%2Fv2%2Fcategories&post=1110"},{"taxonomy":"post_tag","embeddable":true,"href":"https:\/\/ms2lauf.de\/index.php?rest_route=%2Fwp%2Fv2%2Ftags&post=1110"}],"curies":[{"name":"wp","href":"https:\/\/api.w.org\/{rel}","templated":true}]}}